{"id":24854295,"date":"2025-09-03T11:48:12","date_gmt":"2025-09-03T11:48:12","guid":{"rendered":"https:\/\/mikebastin.com\/?p=24854295"},"modified":"2026-04-29T22:06:52","modified_gmt":"2026-04-29T22:06:52","slug":"francais-a-valencia","status":"publish","type":"post","link":"https:\/\/mikebastin.com\/fr\/francais-a-valencia\/","title":{"rendered":"Les Fran\u00e7ais \u00e0 Valencia : Un impact \u00e9conomique et culturel en pleine expansion"},"content":{"rendered":"<style>\n.wp-block-table table{width:100%;border-collapse:separate;border-spacing:0;border:1px solid rgba(15,23,42,.12);border-radius:14px;overflow:hidden;font-size:.95rem;line-height:1.55;box-shadow:0 4px 16px rgba(15,23,42,.06);margin:0}\n.wp-block-table thead td,.wp-block-table thead th{background:linear-gradient(135deg,#0f172a 0%,#1e293b 100%);color:#f8fafc;font-weight:700;font-size:.88rem;letter-spacing:.3px;padding:14px 16px;border-bottom:2px solid rgba(59,130,246,.5);text-align:left}\n.wp-block-table thead td:first-child,.wp-block-table thead th:first-child{border-top-left-radius:13px}\n.wp-block-table thead td:last-child,.wp-block-table thead th:last-child{border-top-right-radius:13px}\n.wp-block-table tbody td{padding:12px 16px;color:rgba(15,23,42,.88);border-bottom:1px solid rgba(15,23,42,.06);vertical-align:top}\n.wp-block-table tbody tr:nth-child(odd){background:#fff}\n.wp-block-table tbody tr:nth-child(even){background:rgba(59,130,246,.04)}\n.wp-block-table tbody tr:hover td{background:rgba(59,130,246,.08)}\n.wp-block-table tbody tr:last-child td:first-child{border-bottom-left-radius:13px}\n.wp-block-table tbody tr:last-child td:last-child{border-bottom-right-radius:13px}\n.wp-block-table tbody tr:last-child td{border-bottom:none}\n.wp-block-table tbody td strong{color:#0f172a;font-weight:700}\n.wp-block-table tbody td a{color:#2563eb;text-decoration:none;font-weight:600;border-bottom:1px solid rgba(37,99,235,.2)}\n.wp-block-table tbody td a:hover{color:#1d4ed8;border-bottom-color:#1d4ed8}\n@media(max-width:768px){.wp-block-table table{font-size:.85rem;border-radius:10px}.wp-block-table thead td,.wp-block-table thead th{padding:10px 12px;font-size:.82rem}.wp-block-table tbody td{padding:10px 12px}}\n<\/style>\n<p>En dix ans de vie \u00e0 Valencia, j&#8217;ai vu la <strong>communaut\u00e9 fran\u00e7aise \u00e0 Valencia<\/strong> passer d&#8217;une poign\u00e9e d&#8217;expatri\u00e9s discrets \u00e0 une pr\u00e9sence qui marque durablement le paysage \u00e9conomique, culturel et social de la ville.<\/p>\n<p><strong>Valencia<\/strong>, troisi\u00e8me ville d&#8217;Espagne et capitale de la <strong>Communaut\u00e9 valencienne<\/strong> (<em>Comunitat Valenciana<\/em>), attire chaque annee davantage de <strong>Fran\u00e7ais expatri\u00e9s<\/strong> actifs, retraites, etudiants et entrepreneurs, s\u00e9duits par un cout de la vie inferieur a celui de Paris, Lyon ou Barcelone, un <a href=\"https:\/\/mikebastin.com\/fr\/climat-a-valencia\/\">climat m\u00e9diterran\u00e9en<\/a> avec plus de 300 jours d&#8217;ensoleillement par an, et une qualit\u00e9 de vie que les classements internationaux confirment annee apres annee.<\/p>\n<p>Cet article analyse l&#8217;impact concret de cette <strong>pr\u00e9sence francophone sur l&#8217;\u00e9conomie, la culture et le tissu social<\/strong> de la capitale du <strong>Turia<\/strong>, a partir d&#8217;observations de terrain et de donn\u00e9es v\u00e9rifiables issues du <strong>padron municipal<\/strong>, de l&#8217;<strong>INE<\/strong> (Instituto Nacional de Estadistica), du <strong>registre consulaire fran\u00e7ais<\/strong> et des rapports de la <strong>Fondation Visit Valencia<\/strong>.<\/p>\n<figure class=\"wp-block-image size-full is-resized\"><img loading=\"lazy\" decoding=\"async\" width=\"795\" height=\"530\" src=\"https:\/\/mikebastin.com\/wp-content\/uploads\/2025\/09\/vue-panoramique-de-valencia.jpg\" alt=\"Vue panoramique sur Valencia, troisi\u00e8me ville d'Espagne et destination privilegiee des expatri\u00e9s fran\u00e7ais\" class=\"wp-image-24854299\" style=\"object-fit:cover;width:795px;height:530px\" srcset=\"https:\/\/mikebastin.com\/wp-content\/uploads\/2025\/09\/vue-panoramique-de-valencia.jpg 795w, https:\/\/mikebastin.com\/wp-content\/uploads\/2025\/09\/vue-panoramique-de-valencia-480x320.jpg 480w\" sizes=\"(min-width: 0px) and (max-width: 480px) 480px, (min-width: 481px) 795px, 100vw\" \/><\/figure>\n<h2 class=\"wp-block-heading\">Une communaut\u00e9 fran\u00e7aise en croissance constante<\/h2>\n<p>Les chiffres du <strong>padron municipal<\/strong> de Valencia recensaient <strong>844 424 habitants au 1er janvier 2025<\/strong>, dont 165 636 \u00e9trangers, soit pres d&#8217;un habitant sur cinq. La Colombie et l&#8217;Italie dominent le classement des nationalit\u00e9s etrangeres, mais les Fran\u00e7ais figurent parmi les communaut\u00e9s europ\u00e9ennes les plus dynamiques, avec une croissance acceleree depuis la pandemie de Covid-19.<\/p>\n<p>L&#8217;<strong>empadronamiento<\/strong> constitue la premi\u00e8re demarche administrative obligatoire pour tout Fran\u00e7ais souhaitant s&#8217;installer durablement \u00e0 Valencia. Il conditionne l&#8217;acc\u00e8s aux services publics locaux : sant\u00e9, ecole, bibliotheques et aides au logement.<\/p>\n<blockquote class=\"wp-block-quote\">\n<p>Au 1er janvier 2025, <a href=\"https:\/\/lesfrancais.press\/les-fran\u00e7ais-etablis-hors-de-france-le-rapport-2025-du-gouvernement\/\" target=\"_blank\" rel=\"noopener noreferrer nofollow\"><strong>1 741 942 Fran\u00e7ais \u00e9taient inscrits au registre consulaire<\/strong><\/a> selon le decret no 2025-104, soit une hausse de 2,89 % en un an et pres de 49 000 inscrits supplementaires. La 5e circonscription consulaire regroupant Monaco, Andorre, l&#8217;Espagne et le Portugal a enregistre la plus forte progression.<\/p>\n<p><cite>Source : rapport gouvernemental 2025 sur les Fran\u00e7ais etablis hors de France<\/cite><\/p>\n<\/blockquote>\n<p>Le chiffre r\u00e9el est probablement plus eleve : l&#8217;inscription au registre consulaire n&#8217;\u00e9tant pas obligatoire, une partie significative des r\u00e9sidents fran\u00e7ais n&#8217;est pas comptabilisee, notamment les actifs a distance et les <strong>digital nomads<\/strong> qui s&#8217;installent sans declarer leur changement de r\u00e9sidence fiscale.<\/p>\n<blockquote class=\"wp-block-quote\">\n<p>La peninsule iberique attire aussi bien les retraites que les actifs, mais un grand nombre de Fran\u00e7ais actifs ne s&#8217;inscrivent pas au consulat, echappant ainsi aux statistiques officielles.<\/p>\n<p><cite>Source : <a href=\"https:\/\/lecourrier.es\/les-fran\u00e7ais-de-plus-en-plus-attires-par-la-vie-en-espagne\/\" target=\"_blank\" rel=\"noopener noreferrer nofollow\">Le Courrier d&#8217;Espagne<\/a>, donn\u00e9es consulaires 2024<\/cite><\/p>\n<\/blockquote>\n<h3 class=\"wp-block-heading\">Profil des Fran\u00e7ais installes \u00e0 Valencia<\/h3>\n<p>La communaut\u00e9 fran\u00e7aise \u00e0 Valencia est loin d&#8217;\u00eatre homog\u00e8ne. On y croise des profils tr\u00e8s differents, et c&#8217;est justement cette diversit\u00e9 qui contribue \u00e0 son dynamisme :<\/p>\n<figure class=\"wp-block-table\">\n<table class=\"has-fixed-layout\">\n<thead>\n<tr>\n<td><strong>Profil<\/strong><\/td>\n<td><strong>Caracteristiques<\/strong><\/td>\n<td><strong>Quartiers privileges<\/strong><\/td>\n<\/tr>\n<\/thead>\n<tbody>\n<tr>\n<td><strong>Jeunes actifs et digital nomads<\/strong><\/td>\n<td>Travailleurs a distance, freelances, cr\u00e9ateurs de contenu. Attires par le cout de la vie et la scene coworking (Wayco, Lanzadera, The Shed Coworking)<\/td>\n<td><a href=\"https:\/\/mikebastin.com\/fr\/vivre-en-appartement-a-valencia\/\">Ruzafa, Benimaclet, Cabanyal<\/a><\/td>\n<\/tr>\n<tr>\n<td><strong>Familles<\/strong><\/td>\n<td>Scolarite au <strong>Lycee Fran\u00e7ais de Valencia<\/strong> (plus de 1 500 eleves, de la maternelle \u00e0 la Terminale, homologue AEFE)<\/td>\n<td>Campanar, Patraix, L&#8217;Eliana<\/td>\n<\/tr>\n<tr>\n<td><strong>Retraites<\/strong><\/td>\n<td>Attires par le <strong>Sistema Nacional de Salud<\/strong>, le climat et un pouvoir d&#8217;achat sup\u00e9rieur<\/td>\n<td>Playa de la Malvarrosa, Patacona, Costa Blanca<\/td>\n<\/tr>\n<tr>\n<td><strong>Etudiants Erasmus<\/strong><\/td>\n<td>Programmes d&#8217;echange \u00e0 l&#8217;<strong>Universitat de Valencia (UV)<\/strong> et \u00e0 l&#8217;<strong>Universitat Politecnica de Valencia (UPV)<\/strong><\/td>\n<td>Algiros, Benimaclet, Blasco Ibanez<\/td>\n<\/tr>\n<tr>\n<td><strong>Entrepreneurs et autonomos<\/strong><\/td>\n<td>Statut <strong>autonomo<\/strong> ou <strong>SL<\/strong> (Sociedad Limitada). Incitations fiscales de la <strong>Ley de Startups<\/strong> 2022<\/td>\n<td>Centre historique, Ruzafa, Quatre Carreres<\/td>\n<\/tr>\n<\/tbody>\n<\/table>\n<\/figure>\n<figure class=\"wp-block-image size-full is-resized\"><img loading=\"lazy\" decoding=\"async\" width=\"1020\" height=\"357\" src=\"https:\/\/mikebastin.com\/wp-content\/uploads\/2025\/09\/communaut\u00e9-expatrie-fran\u00e7ais.jpg\" alt=\"Communaut\u00e9 d'expatri\u00e9s fran\u00e7ais a Valencia, reunis lors d'un \u00e9v\u00e9nement francophone\" class=\"wp-image-24854302\" style=\"object-fit:cover;width:1020px;height:357px\" srcset=\"https:\/\/mikebastin.com\/wp-content\/uploads\/2025\/09\/communaut\u00e9-expatrie-fran\u00e7ais.jpg 1020w, https:\/\/mikebastin.com\/wp-content\/uploads\/2025\/09\/communaut\u00e9-expatrie-fran\u00e7ais-980x343.jpg 980w, https:\/\/mikebastin.com\/wp-content\/uploads\/2025\/09\/communaut\u00e9-expatrie-fran\u00e7ais-480x168.jpg 480w\" sizes=\"(min-width: 0px) and (max-width: 480px) 480px, (min-width: 481px) and (max-width: 980px) 980px, (min-width: 981px) 1020px, 100vw\" \/><\/figure>\n<h3 class=\"wp-block-heading\">Pourquoi Valencia plutot que Barcelone ou Madrid ?<\/h3>\n<p>Valencia offre un <strong>cout de la vie de 15 a 35 % inferieur a celui de Madrid ou Barcelone<\/strong> selon les estimations d&#8217;Expat.com, tout en proposant les m\u00eames infrastructures de grande m\u00e9tropole : r\u00e9seau <strong>MetroValencia<\/strong>, hopitaux dont l&#8217;<strong>Hospital La Fe<\/strong> (centre de r\u00e9f\u00e9rence national pour les greffes et l&#8217;oncologie), liaisons aeriennes directes vers Paris, Lyon, Marseille, Nantes, Toulouse et Bruxelles via Vueling, Transavia, Ryanair et easyJet.<\/p>\n<p>Ajoutez la proximite des plages via <strong>Valenbisi<\/strong>, les 110 hectares du <strong>Jardin del Turia<\/strong>, le <strong>Bioparc Valencia<\/strong>, la <strong>Ciutat de les Arts i les Ciencies<\/strong> de <strong>Santiago Calatrava<\/strong> et une <a href=\"https:\/\/mikebastin.com\/fr\/mode-de-vie-de-valencia\/\">vie quotidienne m\u00e9diterran\u00e9enne<\/a> inimitable.<\/p>\n<blockquote class=\"wp-block-quote\">\n<p>Valencia a \u00e9t\u00e9 class\u00e9e <strong>meilleure ville au monde pour les expatri\u00e9s en 2024<\/strong>, basee sur les reponses de plus de 12 500 expatri\u00e9s dans 53 villes de 35 pays. La ville se distingue en tete pour la qualit\u00e9 de vie, les finances personnelles et la s\u00e9curit\u00e9.<\/p>\n<p><cite>Source : <a href=\"https:\/\/www.internations.org\/expat-insider\/2024\/best-and-worst-cities-for-expats-40541\" target=\"_blank\" rel=\"noopener noreferrer nofollow\">InterNations Expat City Ranking 2024<\/a><\/cite><\/p>\n<\/blockquote>\n<h2 class=\"wp-block-heading\">L&#8217;impact des Fran\u00e7ais sur le marche immobilier valencien<\/h2>\n<p>La demande en logements a contribue \u00e0 une <strong>hausse significative des prix immobiliers<\/strong>, en particulier dans les quartiers centraux de <strong>Ruzafa<\/strong>, <strong>El Carmen<\/strong>, <strong>Gran Via<\/strong> et <strong>L&#8217;Eixample<\/strong>. Les plateformes <strong>Idealista<\/strong>, <strong>Fotocasa<\/strong> et <strong>Habitaclia<\/strong> documentent cette tension depuis 2022.<\/p>\n<p>Le contrat de location espagnol (<em>contrato de arrendamiento<\/em>), regi par la <strong>Ley de Arrendamientos Urbanos (LAU)<\/strong>, impose une <em>fianza<\/em> d&#8217;un mois pour les locations residentielles, avec des garanties complementaires souvent exigees des \u00e9trangers.<\/p>\n<figure class=\"wp-block-image size-large is-resized\"><a href=\"https:\/\/www.idealista.com\/sala-de-prensa\/informes-precio-vivienda\/venta\/comunitat-valenciana\/valencia-valencia\/\" target=\"_blank\" rel=\"noopener noreferrer nofollow\"><img loading=\"lazy\" decoding=\"async\" width=\"1024\" height=\"438\" src=\"https:\/\/mikebastin.com\/wp-content\/uploads\/2025\/10\/image-1024x438.jpg\" alt=\"Evolution des prix immobiliers a Valencia selon Idealista 2025\" class=\"wp-image-24855265\" style=\"width:1132px;height:auto\" srcset=\"https:\/\/mikebastin.com\/wp-content\/uploads\/2025\/10\/image-1024x438.jpg 1024w, https:\/\/mikebastin.com\/wp-content\/uploads\/2025\/10\/image-980x419.jpg 980w, https:\/\/mikebastin.com\/wp-content\/uploads\/2025\/10\/image-480x205.jpg 480w\" sizes=\"(min-width: 0px) and (max-width: 480px) 480px, (min-width: 481px) and (max-width: 980px) 980px, (min-width: 981px) 1024px, 100vw\" \/><\/a><figcaption class=\"wp-element-caption\">Source : <a href=\"https:\/\/www.idealista.com\/sala-de-prensa\/informes-precio-vivienda\/venta\/comunitat-valenciana\/valencia-valencia\/\" target=\"_blank\" rel=\"noopener noreferrer nofollow\">Idealista, rapport prix immobilier Valencia 2025<\/a><\/figcaption><\/figure>\n<blockquote class=\"wp-block-quote\">\n<p>Les loyers dans la province de Valencia atteignent environ <strong>15 euros\/m2\/mois debut 2026<\/strong>, contre 5,3 euros\/m2 en aout 2013. Le marche locatif a subi une contraction de l&#8217;offre de 35 % en 2024, aggravee par les inondations <strong>DANA<\/strong> d&#8217;octobre 2024.<\/p>\n<p><cite>Source : <a href=\"https:\/\/www.expat-valencia.com\/achat-location-ou-en-est-le-marche-immobilier-a-valencia\/\" target=\"_blank\" rel=\"noopener noreferrer nofollow\">Expat-Valencia<\/a>, donn\u00e9es Fotocasa 2026<\/cite><\/p>\n<\/blockquote>\n<p>Les Fran\u00e7ais investissent massivement dans la r\u00e9novation du patrimoine de la <strong>Ciutat Vella<\/strong>, avec ses facades en <strong>azulejos<\/strong> et ses balcons en fer forge. Cette pression accelere toutefois la <strong>gentrification<\/strong> de certains quartiers et alimente le debat sur les licences de locations touristiques (<em>Viviendas de Uso Turistico<\/em>).<\/p>\n<blockquote class=\"wp-block-quote\">\n<p>Les prix de l&#8217;immobilier en Espagne ont augmente de <strong>12,9 % en glissement annuel<\/strong> au quatrieme trimestre 2025, avec une progression de 13,1 % pour les biens de seconde main.<\/p>\n<p><cite>Source : <a href=\"https:\/\/www.ine.es\/dyngs\/INEbase\/es\/operacion.htm?c=Estadistica_C&amp;cid=1254736152838&amp;menu=ultiDatos&amp;idp=1254735976607\" target=\"_blank\" rel=\"noopener noreferrer nofollow\">INE (Instituto Nacional de Estadistica)<\/a>, T4 2025<\/cite><\/p>\n<\/blockquote>\n<blockquote class=\"wp-block-quote\">\n<p>L&#8217;Ayuntamiento de Valencia a approuve en 2025 une enveloppe de <strong>6 millions d&#8217;euros d&#8217;aides au loyer<\/strong> pour 2025-2026, avec un relevement du plafond \u00e9ligible de 750 a 900 euros mensuels.<\/p>\n<p><cite>Source : <a href=\"https:\/\/www.valencia.es\/\" target=\"_blank\" rel=\"noopener noreferrer nofollow\">Ayuntamiento de Valencia<\/a>, 2025<\/cite><\/p>\n<\/blockquote>\n<p>Pour un accompagnement juridique, <a href=\"https:\/\/mikebastin.com\/fr\/avocats-a-valencia\/\">consultez notre selection des meilleurs cabinets d&#8217;avocats en droit immobilier espagnol \u00e0 Valencia<\/a>.<\/p>\n<h2 class=\"wp-block-heading\">Entrepreneuriat fran\u00e7ais \u00e0 Valencia : bien plus qu&#8217;un croissant<\/h2>\n<p>Le statut d&#8217;<strong>autonomo<\/strong> est souvent la premi\u00e8re structure choisie, avant une eventuelle transformation en <strong>Sociedad Limitada (SL)<\/strong>. La <strong>Ley de Startups<\/strong> (Loi 28\/2022) offre une reduction du taux IS a 15 % pendant les quatre premieres annees et facilit\u00e9 l&#8217;acc\u00e8s au <strong>Regimen de Impatriados<\/strong> (Regime Beckham).<\/p>\n<figure class=\"wp-block-table\">\n<table class=\"has-fixed-layout\">\n<thead>\n<tr>\n<td><strong>Secteur<\/strong><\/td>\n<td><strong>Exemples d&#8217;activites<\/strong><\/td>\n<td><strong>Impact local<\/strong><\/td>\n<\/tr>\n<\/thead>\n<tbody>\n<tr>\n<td><strong>Restauration et gastronomie<\/strong><\/td>\n<td>Boulangeries artisanales, restaurants bistronomiques, bars a vins naturels, patisseries fran\u00e7aises<\/td>\n<td>Creation d&#8217;emplois, enrichissement de l&#8217;offre gastronomique<\/td>\n<\/tr>\n<tr>\n<td><strong>Immobilier et services<\/strong><\/td>\n<td>Agences immobilieres francophones, cabinets de conseil en expatriation, <em>gestorias<\/em> bilingues<\/td>\n<td>Facilitation de l&#8217;installation d&#8217;autr\u00e8s expatri\u00e9s, flux d&#8217;investissements<\/td>\n<\/tr>\n<tr>\n<td><strong>Numerique et tech<\/strong><\/td>\n<td>Agences SEO multilingue, marketing digital, startups, developpeurs freelance<\/td>\n<td>Integration dans l&#8217;ecosysteme <strong>Lanzadera<\/strong>, apport de savoir-faire international<\/td>\n<\/tr>\n<tr>\n<td><strong>Education et formation<\/strong><\/td>\n<td>Cours de FLE (Fran\u00e7ais Langue Etrangere), coaching professionnel, accompagnement Erasmus<\/td>\n<td>Renforcement de la francophonie locale, echanges interculturels<\/td>\n<\/tr>\n<tr>\n<td><strong>Tourisme et loisirs<\/strong><\/td>\n<td>Visites guidees en fran\u00e7ais, agences de voyages specialisees, nautisme<\/td>\n<td>Captation des flux touristiques francophones, valorisation du patrimoine valencien<\/td>\n<\/tr>\n<\/tbody>\n<\/table>\n<\/figure>\n<blockquote class=\"wp-block-quote\">\n<p>Environ <strong>270 000 Fran\u00e7ais sont officiellement inscrits au registre des Fran\u00e7ais etablis hors de France en Espagne<\/strong>, soit une augmentation de 12 % sur cinq ans. Principales concentrations : Barcelone (35 000), Madrid (30 000), Costa Blanca (40 000 dans la r\u00e9gion d&#8217;Alicante).<\/p>\n<p><cite>Source : <a href=\"https:\/\/reseaufrancophone.com\/expatriation-en-espagne\/\" target=\"_blank\" rel=\"noopener noreferrer nofollow\">Reseau Francophone<\/a>, donn\u00e9es consulaires 2024<\/cite><\/p>\n<\/blockquote>\n<p>L&#8217;accelerateur <strong>Lanzadera<\/strong>, fonde par <strong>Juan Roig<\/strong> (president du groupe <strong>Mercadona<\/strong>) \u00e0 la <strong>Marina de Valencia<\/strong>, attire de plus en plus de porteurs de projets internationaux, dont des Fran\u00e7ais. La <strong>Chambre de commerce franco-espagnole<\/strong> et les r\u00e9seaux comme <strong>French Tech Spain<\/strong> facilitent les mises en relation. Pour ceux qui envisagent de <a href=\"https:\/\/mikebastin.com\/fr\/entrepreneuriat-international-a-valencia\/\">cr\u00e9er leur entreprise dans la Communaut\u00e9 valencienne<\/a>, un accompagnement juridique des le depart evite bien des complications.<\/p>\n<h2 class=\"wp-block-heading\">Tourisme francophone et passerelles gastronomiques<\/h2>\n<p>Les Fran\u00e7ais figurent historiquement parmi les <strong>premiers touristes \u00e9trangers \u00e0 Valencia<\/strong>, m\u00eame si les donn\u00e9es 2025 revelent un glissement notable dans les equilibres.<\/p>\n<blockquote class=\"wp-block-quote\">\n<p>Entre janvier et novembre 2025, les \u00c9tats-Unis ont d\u00e9pass\u00e9 la France au classement des nuitees internationales \u00e0 Valencia : <strong>264 362 visiteurs americains contre 249 167 Fran\u00e7ais<\/strong>. Un signal fort de la montee en puissance du marche long-courrier.<\/p>\n<p><cite>Source : <a href=\"https:\/\/www.visitvalencia.com\/fr\" target=\"_blank\" rel=\"noopener noreferrer nofollow\">Fondation Visit Valencia<\/a> \/ INE, 2025<\/cite><\/p><\/blockquote>\n<p>Malgre ce recul relatif, les liaisons aeriennes directes depuis <strong>Paris-Orly, Lyon-Saint Exupery, Marseille-Provence, Nantes-Atlantique et Toulouse-Blagnac<\/strong> via Vueling, Transavia, Ryanair et easyJet maintiennent un flux constant de visiteurs francophones, alimente par les courts sejours, les week-ends prolonges et les visites familiales aux expatri\u00e9s installes.<\/p>\n<figure class=\"wp-block-image size-full is-resized\"><img loading=\"lazy\" decoding=\"async\" width=\"640\" height=\"853\" src=\"https:\/\/mikebastin.com\/wp-content\/uploads\/2025\/09\/paella-valencienne.jpeg\" alt=\"Paella valenciana traditionnelle preparee au feu de bois, patrimoine gastronomique de la Communaut\u00e9 valencienne\" class=\"wp-image-24854308\" style=\"aspect-ratio:16\/9;object-fit:cover;width:640px\" srcset=\"https:\/\/mikebastin.com\/wp-content\/uploads\/2025\/09\/paella-valencienne.jpeg 640w, https:\/\/mikebastin.com\/wp-content\/uploads\/2025\/09\/paella-valencienne-480x640.jpeg 480w\" sizes=\"(min-width: 0px) and (max-width: 480px) 480px, (min-width: 481px) 640px, 100vw\" \/><\/figure>\n<p>Le <strong>tourisme gastronomique<\/strong> joue un r\u00f4le de passerelle entre les deux cultures. Les Fran\u00e7ais apprecient les specialites locales : <strong>paella valenciana<\/strong>, <strong>horchata de chufa<\/strong>, <strong>agua de Valencia<\/strong>, <strong>tapas<\/strong>, <strong>fideua<\/strong> et <strong>all i pebre<\/strong>. Ils frequentent aussi bien les adresses traditionnelles du <strong>Mercat Central de Valencia<\/strong> et du <strong>Mercat de Colon<\/strong> que les restaurants tenus par des compatriotes. Ces etablissements franco-valenciens sont devenus des lieux de rencontre enrichissant le <a href=\"https:\/\/mikebastin.com\/fr\/mode-de-vie-de-valencia\/\">quotidien valencien<\/a>.<\/p>\n<h2 class=\"wp-block-heading\">Cadre institutionnel et integration<\/h2>\n<p>Sur le plan institutionnel, plusieurs structures accompagnent la communaut\u00e9 francophone au quotidien \u00e0 Valencia :<\/p>\n<figure class=\"wp-block-table\">\n<table class=\"has-fixed-layout\">\n<thead>\n<tr>\n<td><strong>Institution<\/strong><\/td>\n<td><strong>Role<\/strong><\/td>\n<td><strong>Contact \/ Localisation<\/strong><\/td>\n<\/tr>\n<\/thead>\n<tbody>\n<tr>\n<td><strong>Agence consulaire de France \u00e0 Valencia<\/strong><\/td>\n<td>Assistance consulaire, etat civil, legalisations. Passeport et nationalit\u00e9 orientes vers le Consulat g\u00e9n\u00e9ral de France \u00e0 Madrid.<\/td>\n<td>Calle Embajador Vich, 3, 4e etage, bureau S, 46002 Valencia. Consule honoraire : Karine Nylund<\/td>\n<\/tr>\n<tr>\n<td><strong><a href=\"https:\/\/www.lyceevlc.com\/\" target=\"_blank\" rel=\"noopener noreferrer nofollow\">Lycee Fran\u00e7ais de Valencia (AEFE)<\/a><\/strong><\/td>\n<td>Enseignement fran\u00e7ais de la maternelle \u00e0 la Terminale. Plus de 1 500 eleves.<\/td>\n<td>Valencia centre<\/td>\n<\/tr>\n<tr>\n<td><strong><a href=\"https:\/\/www.ccife.es\/\" target=\"_blank\" rel=\"noopener noreferrer nofollow\">Chambre de Commerce Franco-Espagnole<\/a><\/strong><\/td>\n<td>Reseau d&rsquo;affaires bilateral, accompagnement des entreprises fran\u00e7aises en Espagne.<\/td>\n<td>Madrid (antenne Valencia active)<\/td>\n<\/tr>\n<tr>\n<td><strong>Alliance Fran\u00e7aise de Valencia<\/strong><\/td>\n<td>Cours de FLE, m\u00e9diath\u00e8que, \u00e9v\u00e9nements culturels, diffusion de la langue fran\u00e7aise.<\/td>\n<td>Valencia<\/td>\n<\/tr>\n<tr>\n<td><strong>French Tech Spain<\/strong><\/td>\n<td>Reseau des entrepreneurs et startups fran\u00e7ais en Espagne, integration dans l&rsquo;ecosysteme tech valencien.<\/td>\n<td>Presence active via Lanzadera<\/td>\n<\/tr>\n<\/tbody>\n<\/table>\n<\/figure>\n<blockquote class=\"wp-block-quote\">\n<p>Parmi les Fran\u00e7ais inscrits au registre consulaire, <strong>561 207 sont binationaux<\/strong>. Les moins de 18 ans representent 24 % des Fran\u00e7ais de l&rsquo;\u00e9tranger (contre 21 % en France), preuve que de nombreuses familles s&rsquo;installent durablement avec des enfants en bas age.<\/p>\n<p><cite>Source : <a href=\"https:\/\/lesfrancais.press\/les-fran\u00e7ais-etablis-hors-de-france-le-rapport-2025-du-gouvernement\/\" target=\"_blank\" rel=\"noopener noreferrer nofollow\">Rapport 2025 du gouvernement fran\u00e7ais sur les Fran\u00e7ais etablis hors de France<\/a><\/cite><\/p><\/blockquote>\n<h2 class=\"wp-block-heading\">Fiscalite et r\u00e9sidence : ce que tout Fran\u00e7ais doit savoir avant de s&rsquo;installer<\/h2>\n<p>L&rsquo;aspect fiscal est souvent sous-estime lors d&rsquo;une expatriation \u00e0 Valencia. Plusieurs obligations coexistent et doivent \u00eatre anticipees avant le depart :<\/p>\n<figure class=\"wp-block-table\">\n<table class=\"has-fixed-layout\">\n<thead>\n<tr>\n<td><strong>Obligation \/ Regime<\/strong><\/td>\n<td><strong>Ce qu&rsquo;il faut savoir<\/strong><\/td>\n<td><strong>Seuil ou condition<\/strong><\/td>\n<\/tr>\n<\/thead>\n<tbody>\n<tr>\n<td><strong>Residence fiscale espagnole (IRPF)<\/strong><\/td>\n<td>Au-dela de 183 jours\/an en Espagne, vous etes soumis \u00e0 l&rsquo;IRPF sur vos revenus mondiaux.<\/td>\n<td>Plus de 183 jours\/an<\/td>\n<\/tr>\n<tr>\n<td><strong>Convention fiscale franco-espagnole<\/strong><\/td>\n<td>La convention bilat\u00e9rale de 1995 evite la double imposition et precise le pays d&rsquo;imposition par type de revenu.<\/td>\n<td>Des la r\u00e9sidence fiscale espagnole<\/td>\n<\/tr>\n<tr>\n<td><strong>Modelo 720<\/strong><\/td>\n<td>Declaration obligatoire des biens detenus \u00e0 l&rsquo;\u00e9tranger. Penalites importantes en cas d&rsquo;omission.<\/td>\n<td>Biens superieurs a 50 000 euros par categorie<\/td>\n<\/tr>\n<tr>\n<td><strong>Regime Beckham (Regimen de Impatriados)<\/strong><\/td>\n<td>Imposition forfaitaire a 24 % sur les revenus espagnols pendant 6 ans pour les primo-arrivants.<\/td>\n<td>Premiere installation en Espagne, sous conditions<\/td>\n<\/tr>\n<tr>\n<td><strong>NIE (Numero de Identificacion de Extranjero)<\/strong><\/td>\n<td>Indispensable pour toute demarche administrative, bancaire, immobiliere ou fiscale.<\/td>\n<td>Des l&rsquo;arrivee, a obtenir en priorit\u00e9<\/td>\n<\/tr>\n<\/tbody>\n<\/table>\n<\/figure>\n<blockquote class=\"wp-block-quote\">\n<p>Le <strong>Regimen Especial para Trabajadores Desplazados<\/strong> (Regime Beckham) permet aux salaries et independants s&rsquo;installant en Espagne pour la premi\u00e8re fois de beneficier d&rsquo;un taux forfaitaire de <strong>24 % sur les revenus espagnols jusqu&rsquo;a 600 000 euros<\/strong> pendant 6 ans.<\/p>\n<p><cite>Source : <a href=\"https:\/\/www.agenciatributaria.es\/\" target=\"_blank\" rel=\"noopener noreferrer nofollow\">Agencia Tributaria (AEAT)<\/a><\/cite><\/p><\/blockquote>\n<p>Pour naviguer dans ces obligations avec serenite, <a href=\"https:\/\/mikebastin.com\/fr\/avocats-a-valencia\/\">consultez notre selection des meilleurs avocats et gestorias pour expatri\u00e9s fran\u00e7ais \u00e0 Valencia<\/a>.<\/p>\n<h2 class=\"wp-block-heading\">Vie scolaire, sant\u00e9 et services : l&rsquo;infrastructure du quotidien<\/h2>\n<p>Au-dela des chiffres et des formalites, ce sont les services du quotidien qui determinent la qualit\u00e9 r\u00e9elle d&rsquo;une expatriation. Valencia dispose d&rsquo;une infrastructure solide sur plusieurs fronts essentiels pour les familles francophones :<\/p>\n<figure class=\"wp-block-table\">\n<table class=\"has-fixed-layout\">\n<thead>\n<tr>\n<td><strong>Domaine<\/strong><\/td>\n<td><strong>Ce qui existe \u00e0 Valencia<\/strong><\/td>\n<td><strong>Remarques pratiques<\/strong><\/td>\n<\/tr>\n<\/thead>\n<tbody>\n<tr>\n<td><strong>Education<\/strong><\/td>\n<td>Lycee Fran\u00e7ais de Valencia (AEFE), ecoles bilingues espagnol-anglais, universit\u00e9s UV et UPV<\/td>\n<td>Le Lycee Fran\u00e7ais est en forte demande. Inscription a anticiper bien \u00e0 l&rsquo;avance.<\/td>\n<\/tr>\n<tr>\n<td><strong>Sante publique<\/strong><\/td>\n<td><strong>Sistema Nacional de Salud<\/strong> via tarjeta sanitaria apres empadronamiento. Medecin referent : medico de cabecera<\/td>\n<td>Delais parfois longs pour les specialistes. Assurance privee recommandee (Sanitas, Adeslas, Asisa).<\/td>\n<\/tr>\n<tr>\n<td><strong>Transports<\/strong><\/td>\n<td><strong>MetroValencia<\/strong>, bus EMT, tramway, <strong>Valenbisi<\/strong> (280+ stations), trottinettes en libre-service<\/td>\n<td>Abonnement combine tr\u00e8s abordable. Ceinture obligatoire et feux de jour sur trottinette depuis janvier 2026.<\/td>\n<\/tr>\n<tr>\n<td><strong>Demarches administratives<\/strong><\/td>\n<td>Oficina de Extranjeria (NIE), Ayuntamiento (empadronamiento), Seguridad Social<\/td>\n<td>Rendez-vous a prendre plusieurs semaines \u00e0 l&rsquo;avance. Passage par une gestoria bilingue recommande.<\/td>\n<\/tr>\n<\/tbody>\n<\/table>\n<\/figure>\n<blockquote class=\"wp-block-quote\">\n<p>En 2026, Valencia poursuit sa renaturalisation avec le nouveau <strong>Jardin Trini Simo<\/strong> (8 000 m2 de paysage agricole m\u00e9diterran\u00e9en) et l&rsquo;amelioration de plus de 60 espaces verts. Le parc de la <strong>Turia<\/strong>, avec ses 110 hectares, reste le poumon vert de la ville.<\/p>\n<p><cite>Source : <a href=\"https:\/\/www.valencia.es\/\" target=\"_blank\" rel=\"noopener noreferrer nofollow\">Ayuntamiento de Valencia<\/a>, plan de renaturalisation 2026<\/cite><\/p><\/blockquote>\n<h2 class=\"wp-block-heading\">Valencia, une ville qui ressemble \u00e0 son avenir<\/h2>\n<p>La pr\u00e9sence fran\u00e7aise \u00e0 Valencia n&rsquo;est pas un phenomene passager. C&rsquo;est l&rsquo;expression d&rsquo;un choix de vie reflechi, porte par des milliers de personnes qui ont decide que la qualit\u00e9 de vie, le dynamisme \u00e9conomique et la douceur m\u00e9diterran\u00e9enne valaient bien quelques ajustements administratifs.<\/p>\n<p>La ville attire, retient et int\u00e9gr\u00e9 avec une energie qui ne ressemble a aucune autre m\u00e9tropole europ\u00e9enne de cette taille. Les Gay Games 2026 (27 juin &#8211; 4 juillet), le nouveau <strong>Musee Sorolla<\/strong> au Palais des Communications et la restauration de l&rsquo;eglise des Santos Juanes en style baroque en sont les derniers signaux.<\/p>\n<p>Pour tout savoir sur la vie pratique avant de franchir le pas, consultez nos guides complets : <a href=\"https:\/\/mikebastin.com\/fr\/choses-a-savoir-absolument-avant-de-sinstaller-a-valencia\/\">8 choses a savoir avant de s&rsquo;installer \u00e0 Valencia<\/a>, <a href=\"https:\/\/mikebastin.com\/fr\/vivre-en-appartement-a-valencia\/\">le marche locatif et les quartiers<\/a> et <a href=\"https:\/\/mikebastin.com\/fr\/cout-de-la-vie-valencia\/\">le budget r\u00e9el d&rsquo;un expatri\u00e9 \u00e0 Valencia en 2026<\/a>.<\/p>\n<h2 class=\"wp-block-heading\">FAQ : les Fran\u00e7ais \u00e0 Valencia<\/h2>\n<h3 class=\"wp-block-heading\">Combien y a-t-il de Fran\u00e7ais \u00e0 Valencia ?<\/h3>\n<p>Les chiffres officiels du padron municipal et du registre consulaire indiquent plusieurs milliers de Fran\u00e7ais residant \u00e0 Valencia et dans sa province. Le chiffre r\u00e9el est probablement plus eleve, une partie significative des r\u00e9sidents fran\u00e7ais ne s&rsquo;inscrivant pas au consulat. La communaut\u00e9 fran\u00e7aise fait partie des communaut\u00e9s europ\u00e9ennes expatriees les plus actives de la ville.<\/p>\n<h3 class=\"wp-block-heading\">Faut-il parler espagnol pour s&rsquo;installer \u00e0 Valencia ?<\/h3>\n<p>Un niveau minimum en espagnol est indispensable pour les demarches administratives (NIE, empadronamiento, acc\u00e8s aux soins), m\u00eame si des quartiers comme Ruzafa ou El Carmen offrent un environnement anglophone et francophone dense. L&rsquo;espagnol reste la langue de travail de l&rsquo;administration valencienne, m\u00eame si le valencien est co-officiel.<\/p>\n<h3 class=\"wp-block-heading\">Valencia est-elle adaptee aux familles fran\u00e7aises avec enfants ?<\/h3>\n<p>Oui. Le Lycee Fran\u00e7ais de Valencia (AEFE) accueille plus de 1 500 eleves de la maternelle \u00e0 la Terminale et constitue un point d&rsquo;ancrage fort pour les familles. Les quartiers peripheriques comme Campanar, L&rsquo;Eliana ou Patraix offrent des logements plus spacieux et des environnements calmes, tout en restant bien connectes au centre via MetroValencia.<\/p>\n<h3 class=\"wp-block-heading\">Quelles sont les demarches administratives prioritaires pour un Fran\u00e7ais qui s&rsquo;installe \u00e0 Valencia ?<\/h3>\n<p>Dans l&rsquo;ordre : obtenir le NIE \u00e0 l&rsquo;Oficina de Extranjeria, s&rsquo;inscrire au Padron municipal de l&rsquo;Ayuntamiento de Valencia, ouvrir un compte bancaire espagnol, et s&rsquo;inscrire \u00e0 la Seguridad Social si vous exercez une activite. L&rsquo;inscription au registre consulaire fran\u00e7ais, bien que non obligatoire, est fortement recommandee.<\/p>\n","protected":false},"excerpt":{"rendered":"<p>Plus de 80 000 Fran\u00e7ais vivent d\u00e9sormais \u00e0 Valencia. Communaut\u00e9, immobilier, \u00e9coles, commerces francophones, chiffres \u00e9conomiques : pourquoi la troisi\u00e8me ville d&rsquo;Espagne attire autant de n\u00e9o-arrivants.<\/p>\n","protected":false},"author":3,"featured_media":24854296,"comment_status":"open","ping_status":"open","sticky":false,"template":"","format":"standard","meta":{"_et_pb_use_builder":"","_et_pb_old_content":"","_et_gb_content_width":"","footnotes":""},"categories":[114],"tags":[],"dipi_cpt_category":[],"class_list":["post-24854295","post","type-post","status-publish","format-standard","has-post-thumbnail","hentry","category-valenca"],"_links":{"self":[{"href":"https:\/\/mikebastin.com\/fr\/wp-json\/wp\/v2\/posts\/24854295","targetHints":{"allow":["GET"]}}],"collection":[{"href":"https:\/\/mikebastin.com\/fr\/wp-json\/wp\/v2\/posts"}],"about":[{"href":"https:\/\/mikebastin.com\/fr\/wp-json\/wp\/v2\/types\/post"}],"author":[{"embeddable":true,"href":"https:\/\/mikebastin.com\/fr\/wp-json\/wp\/v2\/users\/3"}],"replies":[{"embeddable":true,"href":"https:\/\/mikebastin.com\/fr\/wp-json\/wp\/v2\/comments?post=24854295"}],"version-history":[{"count":10,"href":"https:\/\/mikebastin.com\/fr\/wp-json\/wp\/v2\/posts\/24854295\/revisions"}],"predecessor-version":[{"id":24856635,"href":"https:\/\/mikebastin.com\/fr\/wp-json\/wp\/v2\/posts\/24854295\/revisions\/24856635"}],"wp:featuredmedia":[{"embeddable":true,"href":"https:\/\/mikebastin.com\/fr\/wp-json\/wp\/v2\/media\/24854296"}],"wp:attachment":[{"href":"https:\/\/mikebastin.com\/fr\/wp-json\/wp\/v2\/media?parent=24854295"}],"wp:term":[{"taxonomy":"category","embeddable":true,"href":"https:\/\/mikebastin.com\/fr\/wp-json\/wp\/v2\/categories?post=24854295"},{"taxonomy":"post_tag","embeddable":true,"href":"https:\/\/mikebastin.com\/fr\/wp-json\/wp\/v2\/tags?post=24854295"},{"taxonomy":"dipi_cpt_category","embeddable":true,"href":"https:\/\/mikebastin.com\/fr\/wp-json\/wp\/v2\/dipi_cpt_category?post=24854295"}],"curies":[{"name":"wp","href":"https:\/\/api.w.org\/{rel}","templated":true}]}}