{"id":24853169,"date":"2025-08-01T10:01:07","date_gmt":"2025-08-01T10:01:07","guid":{"rendered":"https:\/\/mikebastin.com\/?p=24853169"},"modified":"2026-04-29T22:16:08","modified_gmt":"2026-04-29T22:16:08","slug":"mode-de-vie-de-valencia","status":"publish","type":"post","link":"https:\/\/mikebastin.com\/fr\/mode-de-vie-de-valencia\/","title":{"rendered":"Adopter le mode de vie de Valencia: un p\u00e9riple d&rsquo;expat&rsquo;"},"content":{"rendered":"\n<style>\n.mb-article-style{--mb-primary:#212c91;--mb-primary-light:#3949c4;--mb-bg-soft:#f9faff;--mb-text:#0c1028;--mb-text-soft:rgba(12,16,40,0.7);--mb-border:rgba(33,44,145,0.12)}\n.mb-article-style .mb-stats{display:flex;flex-wrap:wrap;gap:28px;margin:36px 0;justify-content:center}\n.mb-article-style .mb-stat{flex:1;min-width:170px;padding:24px 22px;background:#fff;border:1px solid var(--mb-border);border-radius:12px;text-align:center;flex-shrink:0;box-shadow:0 4px 14px rgba(33,44,145,0.06)}\n.mb-article-style .mb-stat-num{font-size:32px;font-weight:700;color:var(--mb-primary);display:block;margin-bottom:6px;line-height:1.1em;white-space:nowrap}\n.mb-article-style .mb-stat-label{font-size:13px;color:var(--mb-text-soft);line-height:1.4em}\n.mb-article-style .mb-quote{position:relative;border-left:4px solid var(--mb-primary);background:var(--mb-bg-soft);padding:24px 28px 24px 32px;margin:28px 0;border-radius:0 10px 10px 0;font-style:italic}\n.mb-article-style .mb-quote p{margin:0;font-size:17px;line-height:1.7em;color:var(--mb-text);font-style:italic}\n.mb-article-style .mb-quote cite{display:block;margin-top:12px;font-size:13px;font-style:normal;color:var(--mb-primary);font-weight:600}\n.mb-article-style .mb-quote cite a{color:var(--mb-primary);text-decoration:underline}\n.mb-article-style .mb-table{width:100%;border-collapse:collapse;margin:30px 0;background:#fff;border-radius:12px;overflow:hidden;box-shadow:0 4px 14px rgba(33,44,145,0.06)}\n.mb-article-style .mb-table thead{background:linear-gradient(135deg,#212c91 0%,#3949c4 100%);color:#fff}\n.mb-article-style .mb-table th{padding:14px 16px;text-align:left;font-weight:700;font-size:13px}\n.mb-article-style .mb-table td{padding:13px 16px;font-size:13.5px;border-top:1px solid var(--mb-border);color:var(--mb-text);line-height:1.5em}\n.mb-article-style .mb-table tr:nth-child(even) td{background:var(--mb-bg-soft)}\n.mb-article-style .mb-faq{margin:36px 0;background:var(--mb-bg-soft);border-radius:12px;padding:28px 26px;border:1px solid var(--mb-border)}\n.mb-article-style .mb-faq h3{margin:0 0 18px 0;color:var(--mb-text);font-size:22px}\n.mb-article-style .mb-faq details{border-bottom:1px solid var(--mb-border);padding:14px 0}\n.mb-article-style .mb-faq details:last-child{border-bottom:0}\n.mb-article-style .mb-faq summary{font-weight:600;cursor:pointer;color:var(--mb-text);font-size:16px;list-style:none;display:flex;justify-content:space-between;align-items:center}\n.mb-article-style .mb-faq summary::-webkit-details-marker{display:none}\n.mb-article-style .mb-faq summary::after{content:\"+\";font-size:24px;color:var(--mb-primary);font-weight:300;line-height:1;flex-shrink:0;margin-left:14px}\n.mb-article-style .mb-faq details[open] summary::after{content:\"\u2212\"}\n.mb-article-style .mb-faq details p{margin:12px 0 6px 0;color:var(--mb-text-soft);line-height:1.65em;font-size:15px}\n.mb-article-style .mb-cta{background:linear-gradient(135deg,#212c91 0%,#3949c4 100%);color:#fff;border-radius:14px;padding:38px 36px;margin:40px 0 24px 0;text-align:center;box-shadow:0 12px 40px rgba(33,44,145,0.22)}\n.mb-article-style .mb-cta *{color:#fff !important}\n.mb-article-style .mb-cta h3{font-size:26px;margin:0 0 12px 0;font-weight:700}\n.mb-article-style .mb-cta p{font-size:17px;line-height:1.6em;margin:0 0 22px 0;opacity:0.95}\n.mb-article-style .mb-cta a.mb-cta-btn{display:inline-block;background:#fff;color:#212c91 !important;padding:14px 30px;border-radius:100px;font-weight:700;text-decoration:none;font-size:15px}\n.mb-article-style .mb-author-note{background:var(--mb-bg-soft);border:1px solid var(--mb-border);border-left:4px solid var(--mb-primary);padding:18px 22px;margin:28px 0;border-radius:0 8px 8px 0;font-size:14.5px;color:var(--mb-text-soft);line-height:1.6em}\n.mb-article-style .mb-author-note strong{color:var(--mb-text)}\n@media (max-width:600px){.mb-article-style .mb-stat-num{font-size:26px}.mb-article-style .mb-cta h3{font-size:22px}}\n<\/style>\n<div class=\"mb-article-style\">\n\n\n\n<h2 class=\"wp-block-heading\">Adopter le mode de vie de Valencia en 2026 : le r\u00e9cit d&rsquo;un expat install\u00e9 depuis dix ans<\/h2>\n\n\n\n<p>Vivre \u00e0 Valencia n&rsquo;a rien \u00e0 voir avec y passer une semaine de vacances. Le climat, la gastronomie, le rythme m\u00e9diterran\u00e9en et la langue valencienne demandent un vrai temps d&rsquo;adaptation. Voici ce que dix ans sur place m&rsquo;ont appris, avec les chiffres r\u00e9els de 2026 et les pi\u00e8ges qu&rsquo;on ne raconte pas dans les guides touristiques.<\/p>\n\n\n\n<div class=\"mb-stats\">\n  <div class=\"mb-stat\"><span class=\"mb-stat-num\">~ 800 K<\/span><span class=\"mb-stat-label\">habitants \u00e0 Valencia, 1,7 M dans l&rsquo;aire m\u00e9tropolitaine<\/span><\/div>\n  <div class=\"mb-stat\"><span class=\"mb-stat-num\">300 jours<\/span><span class=\"mb-stat-label\">de soleil par an, climat m\u00e9diterran\u00e9en temp\u00e9r\u00e9<\/span><\/div>\n  <div class=\"mb-stat\"><span class=\"mb-stat-num\">~ 1 750 \u20ac<\/span><span class=\"mb-stat-label\">salaire net m\u00e9dian en Communaut\u00e9 valencienne (INE 2024)<\/span><\/div>\n  <div class=\"mb-stat\"><span class=\"mb-stat-num\">+ 22 %<\/span><span class=\"mb-stat-label\">de loyers entre 2021 et 2025 selon Idealista<\/span><\/div>\n<\/div>\n\n\n\n<h2 class=\"wp-block-heading\">L&rsquo;atout \u00e9conomique de Valencia en 2026<\/h2>\n\n\n\n<p>Valencia est la troisi\u00e8me \u00e9conomie d&rsquo;Espagne apr\u00e8s Madrid et Barcelone. La Communaut\u00e9 valencienne repr\u00e9sente environ 9,5 % du PIB national selon l&rsquo;INE. La ville elle-m\u00eame concentre des secteurs structurants : industrie c\u00e9ramique (zone Castell\u00f3n), agroalimentaire, logistique portuaire (deuxi\u00e8me port \u00e0 conteneurs d&rsquo;Espagne), tourisme et, depuis 2020, un \u00e9cosyst\u00e8me tech qui s&rsquo;est densifi\u00e9.<\/p>\n\n\n\n<div class=\"mb-quote\"><p>Le port de Valencia a trait\u00e9 plus de 5,4 millions de conteneurs (TEU) en 2024, ce qui le place comme premier port \u00e0 conteneurs de M\u00e9diterran\u00e9e. Cette infrastructure logistique attire toute une cha\u00eene de services B2B (douane, transport, transit, s\u00e9curit\u00e9) qui structure l&#8217;emploi local.<\/p><cite>\u2014 <a href=\"https:\/\/www.valenciaport.com\/\" target=\"_blank\" rel=\"noopener noreferrer nofollow\">Autorit\u00e9 portuaire de Valencia<\/a><\/cite><\/div>\n\n\n\n<h3 class=\"wp-block-heading\">Secteurs qui recrutent en 2026<\/h3>\n\n\n\n<table class=\"mb-table\">\n  <thead><tr><th>Secteur<\/th><th>Profils recherch\u00e9s<\/th><th>Niveau de tension<\/th><\/tr><\/thead>\n  <tbody>\n    <tr><td>Tech &amp; d\u00e9veloppement<\/td><td>Devs back-end, DevOps, data engineers, product managers (espagnol &amp; anglais)<\/td><td>Forte<\/td><\/tr>\n    <tr><td>Logistique portuaire<\/td><td>Transitaires, agents douane, op\u00e9rateurs maritimes, supply chain<\/td><td>Forte<\/td><\/tr>\n    <tr><td>Tourisme &amp; h\u00f4tellerie<\/td><td>Saisonniers, gestion h\u00f4teli\u00e8re, tour operators (langues \u00e9trang\u00e8res)<\/td><td>Saisonni\u00e8re forte<\/td><\/tr>\n    <tr><td>Sant\u00e9<\/td><td>M\u00e9decins sp\u00e9cialistes, infirmiers, kin\u00e9sith\u00e9rapeutes<\/td><td>Tr\u00e8s forte<\/td><\/tr>\n    <tr><td>\u00c9ducation internationale<\/td><td>Profs FLE, profs anglophones, enseignants \u00e9coles internationales<\/td><td>Mod\u00e9r\u00e9e<\/td><\/tr>\n    <tr><td>Services aux expats<\/td><td>Avocats, comptables, conseillers en mobilit\u00e9 internationale, traducteurs asserment\u00e9s<\/td><td>Mod\u00e9r\u00e9e \u00e0 forte<\/td><\/tr>\n  <\/tbody>\n<\/table>\n\n\n\n<h2 class=\"wp-block-heading\">Salaires et co\u00fbt de la vie en 2026<\/h2>\n\n\n\n<p>Le salaire m\u00e9dian en Communaut\u00e9 valencienne s&rsquo;\u00e9tablit autour de 1 750 \u20ac nets mensuels selon les derni\u00e8res publications de l&rsquo;INE (Encuesta Anual de Estructura Salarial). C&rsquo;est inf\u00e9rieur \u00e0 Madrid et Barcelone, mais le co\u00fbt du logement reste plus accessible, ce qui maintient un pouvoir d&rsquo;achat correct pour qui n&rsquo;a pas d&rsquo;ambition de luxe.<\/p>\n\n\n\n<table class=\"mb-table\">\n  <thead><tr><th>Poste<\/th><th>Co\u00fbt mensuel (couple, 2026)<\/th><th>Notes<\/th><\/tr><\/thead>\n  <tbody>\n    <tr><td>Loyer T2 (60-75 m\u00b2) hors hyper-centre<\/td><td>900 \u00e0 1 250 \u20ac<\/td><td>+22 % vs 2021 selon Idealista<\/td><\/tr>\n    <tr><td>Charges (eau, \u00e9lectricit\u00e9, gaz, internet)<\/td><td>120 \u00e0 180 \u20ac<\/td><td>Climatisation tire l&rsquo;addition l&rsquo;\u00e9t\u00e9<\/td><\/tr>\n    <tr><td>Courses alimentaires (Mercadona, Consum)<\/td><td>400 \u00e0 550 \u20ac<\/td><td>Encore moins cher que la France<\/td><\/tr>\n    <tr><td>Restaurants (3 sorties \/ semaine)<\/td><td>250 \u00e0 400 \u20ac<\/td><td>Men\u00fa del d\u00eda \u00e0 12-15 \u20ac, d\u00eener \u00e0 25-40 \u20ac\/pers<\/td><\/tr>\n    <tr><td>Transports (1 bono mensuel + occasionnel taxi\/Uber)<\/td><td>50 \u00e0 80 \u20ac<\/td><td>M\u00e9tro\/bus EMT tr\u00e8s efficaces<\/td><\/tr>\n    <tr><td>Loisirs, sport, sorties<\/td><td>150 \u00e0 300 \u20ac<\/td><td>Beaucoup d&rsquo;activit\u00e9s gratuites en plein air<\/td><\/tr>\n    <tr><td><strong>Total mensuel couple<\/strong><\/td><td><strong>1 870 \u00e0 2 760 \u20ac<\/strong><\/td><td>Selon mode de vie<\/td><\/tr>\n  <\/tbody>\n<\/table>\n\n\n\n<p>J&rsquo;ai d\u00e9taill\u00e9 tout \u00e7a avec des chiffres r\u00e9cents et des comparaisons par quartier dans mon article d\u00e9di\u00e9 sur le <a href=\"https:\/\/mikebastin.com\/fr\/cout-de-la-vie-valencia\/\">co\u00fbt de la vie \u00e0 Valencia en 2026<\/a>.<\/p>\n\n\n\n<h2 class=\"wp-block-heading\">Quartiers : o\u00f9 s&rsquo;installer selon votre profil<\/h2>\n\n\n\n<table class=\"mb-table\">\n  <thead><tr><th>Quartier<\/th><th>Profil<\/th><th>Loyer T2<\/th><th>Atouts<\/th><\/tr><\/thead>\n  <tbody>\n    <tr><td>Ruzafa<\/td><td>Jeunes pros, cr\u00e9atifs<\/td><td>1 100 \u00e0 1 400 \u20ac<\/td><td>Vie nocturne, restaurants, boutiques ind\u00e9pendantes<\/td><\/tr>\n    <tr><td>El Carmen \/ Ciutat Vella<\/td><td>Touristes long s\u00e9jour, expats sociables<\/td><td>1 200 \u00e0 1 600 \u20ac<\/td><td>Centre historique, charme, bruit nocturne<\/td><\/tr>\n    <tr><td>Cabanyal<\/td><td>Surfeurs, cr\u00e9atifs, t\u00e9l\u00e9travailleurs<\/td><td>900 \u00e0 1 250 \u20ac<\/td><td>Plage \u00e0 pied, ambiance village, en gentrification<\/td><\/tr>\n    <tr><td>Benimaclet<\/td><td>\u00c9tudiants, jeunes familles<\/td><td>800 \u00e0 1 050 \u20ac<\/td><td>Universitaire, calme, transport efficace<\/td><\/tr>\n    <tr><td>Eixample \/ Pla del Remei<\/td><td>Cadres, familles ais\u00e9es<\/td><td>1 400 \u00e0 2 200 \u20ac<\/td><td>Bourgeois, commerces, \u00e9coles priv\u00e9es<\/td><\/tr>\n    <tr><td>L&rsquo;Olivereta \/ Patraix<\/td><td>Familles, retrait\u00e9s<\/td><td>700 \u00e0 950 \u20ac<\/td><td>Calme, bon rapport qualit\u00e9-prix, peu d&rsquo;expats<\/td><\/tr>\n    <tr><td>Campanar \/ Nou Campanar<\/td><td>Familles internationales<\/td><td>1 100 \u00e0 1 500 \u20ac<\/td><td>Proche \u00e9coles internationales, Parc del Turia<\/td><\/tr>\n  <\/tbody>\n<\/table>\n\n\n\n<p>Pour comprendre les diff\u00e9rences pratiques (immeubles anciens sans ascenseur, chauffage inexistant, isolation phonique in\u00e9gale), j&rsquo;ai \u00e9crit un guide pragmatique sur <a href=\"https:\/\/mikebastin.com\/fr\/vivre-en-appartement-a-valencia\/\">vivre en appartement \u00e0 Valencia<\/a>.<\/p>\n\n\n\n<h2 class=\"wp-block-heading\">Climat, sant\u00e9 et qualit\u00e9 de vie<\/h2>\n\n\n\n<p>Le climat m\u00e9diterran\u00e9en subtropical de Valencia est probablement le facteur n\u00b01 d&rsquo;attraction. Hivers doux (10-15 \u00b0C en moyenne en janvier), printemps lumineux, \u00e9t\u00e9s chauds (35-38 \u00b0C en pic) avec brise marine, automnes temp\u00e9r\u00e9s. Le revers : forte humidit\u00e9 estivale et \u00e9pisodes de gota fr\u00eda (pluies torrentielles d&rsquo;automne) qui peuvent inonder certains quartiers.<\/p>\n\n\n\n<div class=\"mb-quote\"><p>L&rsquo;OMS classe l&rsquo;Espagne parmi les pays \u00e0 plus haute esp\u00e9rance de vie au monde (84,1 ans en 2024). La Communaut\u00e9 valencienne dispose d&rsquo;un syst\u00e8me de sant\u00e9 public (SNS) accessible aux r\u00e9sidents l\u00e9gaux, compl\u00e9t\u00e9 par un secteur priv\u00e9 performant (Quir\u00f3nsalud, Vithas, IMED) \u00e0 des tarifs tr\u00e8s inf\u00e9rieurs \u00e0 ceux de la France ou des \u00c9tats-Unis.<\/p><cite>\u2014 <a href=\"https:\/\/www.who.int\/data\/gho\/data\/countries\/country-details\/GHO\/spain\" target=\"_blank\" rel=\"noopener noreferrer nofollow\">Organisation mondiale de la sant\u00e9<\/a><\/cite><\/div>\n\n\n\n<h3 class=\"wp-block-heading\">S\u00e9curit\u00e9 au quotidien<\/h3>\n\n\n\n<p>Valencia est une grande ville, donc les vols \u00e0 la tire existent (centre historique, plages bond\u00e9es, sortie de la gare). Mais la criminalit\u00e9 violente reste rare compar\u00e9e \u00e0 ce qu&rsquo;on conna\u00eet dans plusieurs grandes villes fran\u00e7aises ou nord-am\u00e9ricaines. Selon l&rsquo;<a href=\"https:\/\/www.interior.gob.es\/\" target=\"_blank\" rel=\"noopener noreferrer nofollow\">indice de criminalit\u00e9 du minist\u00e8re de l&rsquo;Int\u00e9rieur espagnol<\/a>, la Communaut\u00e9 valencienne se situe sous la moyenne nationale sur les infractions graves.<\/p>\n\n\n\n<h2 class=\"wp-block-heading\">Langues et int\u00e9gration culturelle<\/h2>\n\n\n\n<p>Le castillan (espagnol) et le valencien (variante du catalan) sont les deux langues co-officielles. Toute l&rsquo;administration utilise les deux. La signal\u00e9tique est bilingue. Le valencien est obligatoire dans la plupart des \u00e9coles publiques et certaines administrations privil\u00e9gient les candidats qui le parlent. Pour un expatri\u00e9 adulte, l&rsquo;espagnol suffit largement \u00e0 une int\u00e9gration sociale et professionnelle.<\/p>\n\n\n\n<div class=\"mb-author-note\"><strong>Mon constat apr\u00e8s dix ans.<\/strong> J&rsquo;ai mis trois ans \u00e0 atteindre un espagnol vraiment fluide, et je n&rsquo;ai toujours qu&rsquo;un valencien passif. Vivre \u00e0 Valencia sans parler espagnol est possible mais co\u00fbte cher en autonomie : tout passe par un traducteur, un avocat anglophone, un comptable bilingue, etc. Le seuil minimal r\u00e9aliste pour vivre confortablement, c&rsquo;est un B1 espagnol au bout de 18 \u00e0 24 mois, pas un mois d&rsquo;application Duolingo.<\/div>\n\n\n\n<h3 class=\"wp-block-heading\">D\u00e9marches administratives \u00e0 conna\u00eetre<\/h3>\n\n\n\n<table class=\"mb-table\">\n  <thead><tr><th>D\u00e9marche<\/th><th>D\u00e9lai r\u00e9aliste<\/th><th>Co\u00fbt indicatif<\/th><\/tr><\/thead>\n  <tbody>\n    <tr><td>NIE (num\u00e9ro d&rsquo;identification \u00e9tranger)<\/td><td>2 \u00e0 6 semaines<\/td><td>~12 \u20ac + d\u00e9placement<\/td><\/tr>\n    <tr><td>Empadronamiento (inscription mairie)<\/td><td>Quelques jours, gratuit<\/td><td>0 \u20ac<\/td><\/tr>\n    <tr><td>Tarjeta sanitaria (carte sant\u00e9 publique)<\/td><td>2 \u00e0 8 semaines apr\u00e8s empadronamiento<\/td><td>0 \u20ac<\/td><\/tr>\n    <tr><td>D\u00e9claration imp\u00f4ts (Modelo 100)<\/td><td>Une fois par an, juin<\/td><td>Selon situation<\/td><\/tr>\n    <tr><td>D\u00e9claration patrimoine \u00e9tranger (Modelo 720)<\/td><td>Une fois par an si patrimoine &gt; 50 000 \u20ac hors Espagne<\/td><td>P\u00e9nalit\u00e9s lourdes en cas d&rsquo;omission<\/td><\/tr>\n    <tr><td>Visa nomade num\u00e9rique (DNV)<\/td><td>1 \u00e0 3 mois<\/td><td>~75 \u20ac + dossier<\/td><\/tr>\n  <\/tbody>\n<\/table>\n\n\n\n<p>Pour le visa nomade num\u00e9rique, j&rsquo;ai \u00e9crit un guide complet adapt\u00e9 aux francophones : <a href=\"https:\/\/mikebastin.com\/fr\/visa-nomade-numerique-espagne\/\">visa nomade num\u00e9rique en Espagne 2026<\/a>.<\/p>\n\n\n\n<h2 class=\"wp-block-heading\">Communaut\u00e9 expatri\u00e9e et points d&rsquo;ancrage<\/h2>\n\n\n\n<p>Plus de 80 000 Fran\u00e7ais vivent d\u00e9sormais en Communaut\u00e9 valencienne selon les donn\u00e9es du Consulat de France, et la communaut\u00e9 francophone (Belges, Suisses, Qu\u00e9b\u00e9cois) se densifie. Les principaux points d&rsquo;ancrage : associations type ValenciaFR, \u00e9v\u00e9nements organis\u00e9s par les Alliances fran\u00e7aises, \u00e9coles internationales (Lyc\u00e9e fran\u00e7ais, British School, American School), groupes Facebook sp\u00e9cialis\u00e9s, sessions de coworking d\u00e9di\u00e9es.<\/p>\n\n\n\n<p>L&rsquo;erreur typique des nouveaux arrivants : rester entre francophones les six premiers mois. C&rsquo;est rassurant mais \u00e7a retarde l&rsquo;int\u00e9gration et l&rsquo;acquisition de la langue. Une bonne pratique : diviser sa vie sociale en trois \u2014 un tiers compatriotes, un tiers Espagnols, un tiers autres expats. C&rsquo;est exactement ce que recommande la plupart des \u00e9tudes d&rsquo;int\u00e9gration interculturelle.<\/p>\n\n\n\n<h2 class=\"wp-block-heading\">Adaptation culturelle : ce qui change vraiment<\/h2>\n\n\n\n<p>Quelques chocs culturels \u00e0 anticiper, dans l&rsquo;ordre de l&rsquo;impact r\u00e9el sur le quotidien :<\/p>\n\n\n\n<ul class=\"wp-block-list\"><li class=\"wp-block-list-item\"><strong>Les horaires.<\/strong> Le d\u00e9jeuner \u00e0 14h, le d\u00eener \u00e0 21h-22h, l&rsquo;ap\u00e9ritif jusqu&rsquo;\u00e0 minuit en semaine. Adapter son rythme prend trois \u00e0 six mois.<\/li><li class=\"wp-block-list-item\"><strong>Le bruit.<\/strong> P\u00e9tards, klaxons, scooters, f\u00eates patronales : Valencia n&rsquo;est pas une ville silencieuse. Choisir l&rsquo;isolation phonique de l&rsquo;appartement est un crit\u00e8re majeur, comme je l&rsquo;explique dans mon article sur les <a href=\"https:\/\/mikebastin.com\/fr\/valencia-50-nuances-de-bruits\/\">cinquante nuances de bruits \u00e0 Valencia<\/a>.<\/li><li class=\"wp-block-list-item\"><strong>L&rsquo;administration.<\/strong> Lente, parfois illogique, fortement papier. La cita previa (rendez-vous obligatoire en ligne) est devenue la norme. Patience requise.<\/li><li class=\"wp-block-list-item\"><strong>La gestion du temps.<\/strong> Les rendez-vous d\u00e9marrent souvent avec 10-15 min de retard. Sauf m\u00e9dical et juridique, o\u00f9 la ponctualit\u00e9 est respect\u00e9e.<\/li><li class=\"wp-block-list-item\"><strong>Le rapport au travail.<\/strong> Moins centr\u00e9 sur la performance individuelle, plus sur la stabilit\u00e9 et la relation. La sieste du midi a quasi disparu en ville mais le rythme reste diff\u00e9rent du nord de l&rsquo;Europe.<\/li><\/ul>\n\n\n\n<h2 class=\"wp-block-heading\">FAQ : adopter le mode de vie valencien<\/h2>\n\n\n\n<div class=\"mb-faq\">\n<details><summary>Combien de temps faut-il pour se sentir vraiment int\u00e9gr\u00e9 \u00e0 Valencia ?<\/summary><p>Selon les retours des expats francophones que je connais, on passe par trois phases : honeymoon (6 premiers mois, tout est merveilleux), choc culturel (6-18 mois, frustrations administratives et culturelles), \u00e9quilibre (\u00e0 partir de 18-24 mois). L&rsquo;int\u00e9gration vraie passe par la langue. Sans espagnol fonctionnel, on stagne en phase expat-bulle.<\/p><\/details>\n\n<details><summary>Vaut-il mieux louer ou acheter \u00e0 Valencia ?<\/summary><p>Pour les deux premi\u00e8res ann\u00e9es, louer. Le march\u00e9 immobilier valencien est encore raisonnable mais les prix ont mont\u00e9 fortement (+22 % de loyers entre 2021 et 2025 selon Idealista, et la pierre suit la tendance). Avant d&rsquo;acheter, il faut conna\u00eetre les quartiers, comprendre les imp\u00f4ts locaux (IBI), les frais de copropri\u00e9t\u00e9, les taxes d&rsquo;achat (ITP autour de 10 % en CV). Voir mon article sur le <a href=\"https:\/\/mikebastin.com\/fr\/immobilier-a-valencia\/\">march\u00e9 immobilier \u00e0 Valencia<\/a>.<\/p><\/details>\n\n<details><summary>Faut-il avoir une voiture \u00e0 Valencia ?<\/summary><p>Pas en ville. Le m\u00e9tro, le r\u00e9seau EMT (bus) et les Valenbisi (v\u00e9los en libre-service) couvrent largement la ville et la premi\u00e8re couronne. Pour les sorties en sierra ou pour aller \u00e0 Madrid, location ponctuelle ou Cabify suffisent. Les expats qui s&rsquo;installent en pueblos (B\u00e9tera, N\u00e1quera, Gand\u00eda) ont besoin d&rsquo;une voiture.<\/p><\/details>\n\n<details><summary>Le syst\u00e8me de sant\u00e9 espagnol est-il vraiment bon ?<\/summary><p>Oui, en moyenne. Les h\u00f4pitaux publics valenciens sont comp\u00e9tents mais les d\u00e9lais d&rsquo;attente pour sp\u00e9cialistes peuvent \u00eatre longs (3-6 mois pour certaines disciplines). Le priv\u00e9 (Quir\u00f3nsalud, Vithas, IMED) est tr\u00e8s accessible : une consultation sp\u00e9cialis\u00e9e co\u00fbte 60-100 \u20ac, une assurance priv\u00e9e familiale autour de 80-150 \u20ac\/mois. Beaucoup d&rsquo;expats combinent SNS pour les urgences et priv\u00e9 pour le suivi.<\/p><\/details>\n\n<details><summary>Comment scolariser des enfants francophones \u00e0 Valencia ?<\/summary><p>Trois options : (1) le <a href=\"https:\/\/www.lyceefrancaisvalence.com\/\" target=\"_blank\" rel=\"noopener noreferrer nofollow\">Lyc\u00e9e fran\u00e7ais<\/a>, programme fran\u00e7ais complet, scolarit\u00e9 6 000-9 000 \u20ac\/an ; (2) \u00e9coles internationales (British School of Valencia, Caxton College, American School), 8 000-15 000 \u20ac\/an ; (3) \u00e9cole publique espagnole avec immersion, gratuit, mais valencien obligatoire d\u00e8s la maternelle. La plupart des familles francophones choisissent (1) ou (3) selon leur projet d&rsquo;installation.<\/p><\/details>\n\n<details><summary>Quelle est la diff\u00e9rence entre castillan et valencien dans la vie quotidienne ?<\/summary><p>Le castillan (espagnol standard) est compris et parl\u00e9 partout. Le valencien (proche du catalan) est officiel, pr\u00e9sent dans la signal\u00e9tique, l&rsquo;administration et les m\u00e9dias publics. Pour vivre normalement \u00e0 Valencia, le castillan suffit. Le valencien devient utile pour travailler dans certaines administrations, enseigner dans le public, ou comprendre les f\u00eates traditionnelles. Beaucoup de jeunes valenciens parlent les deux.<\/p><\/details>\n\n<details><summary>Le rythme m\u00e9diterran\u00e9en est-il un mythe ou une r\u00e9alit\u00e9 ?<\/summary><p>R\u00e9alit\u00e9, mais nuanc\u00e9e. Les commerces ferment moins l&rsquo;apr\u00e8s-midi qu&rsquo;avant (Mercadona et grandes surfaces ouvertes en continu). Les bureaux publics gardent les horaires \u00ab jornada continua \u00bb (8h-15h en \u00e9t\u00e9). Les restaurants servent tard (d\u00e9jeuner jusqu&rsquo;\u00e0 16h, d\u00eener \u00e0 partir de 21h). Le rythme est plus social, moins productif au sens nord-europ\u00e9en, mais ce n&rsquo;est pas de l&rsquo;inertie : c&rsquo;est un autre \u00e9quilibre.<\/p><\/details>\n<\/div>\n\n\n\n<div class=\"mb-cta\">\n  <h3>Vous pr\u00e9parez votre installation \u00e0 Valencia ?<\/h3>\n  <p>Si vous avez besoin d&rsquo;orientation sur le quartier, les \u00e9coles, le visa nomade ou la fiscalit\u00e9 Beckham, je peux partager mon retour d&rsquo;expatri\u00e9 install\u00e9 depuis dix ans. Sans commission ni vente forc\u00e9e.<\/p>\n  <a href=\"https:\/\/mikebastin.com\/fr\/nous-contacter\/\" class=\"mb-cta-btn\">\u00c9changer sur votre projet<\/a>\n<\/div>\n\n\n\n<p>Pour aller plus loin : <a href=\"https:\/\/mikebastin.com\/fr\/cout-de-la-vie-valencia\/\">co\u00fbt de la vie \u00e0 Valencia en 2026<\/a>, <a href=\"https:\/\/mikebastin.com\/fr\/visa-nomade-numerique-espagne\/\">visa nomade num\u00e9rique espagnol<\/a>, <a href=\"https:\/\/mikebastin.com\/fr\/avocats-a-valencia\/\">choisir un avocat \u00e0 Valencia<\/a>, <a href=\"https:\/\/mikebastin.com\/fr\/vivre-en-appartement-a-valencia\/\">vivre en appartement \u00e0 Valencia<\/a>, <a href=\"https:\/\/mikebastin.com\/fr\/transport-a-valencia\/\">transports publics \u00e0 Valencia<\/a>, <a href=\"https:\/\/mikebastin.com\/fr\/climat-a-valencia\/\">climat valencien mois par mois<\/a>.<\/p>\n\n\n\n<\/div>\n","protected":false},"excerpt":{"rendered":"<p>Climat, gastronomie, langues, rythme m\u00e9diterran\u00e9en : adopter le mode de vie de Valencia demande quelques ajustements. Le r\u00e9cit honn\u00eate d&rsquo;un expatri\u00e9 install\u00e9 depuis plus de dix ans dans la ville.<\/p>\n","protected":false},"author":3,"featured_media":24854068,"comment_status":"open","ping_status":"open","sticky":false,"template":"","format":"standard","meta":{"_et_pb_use_builder":"","_et_pb_old_content":"","_et_gb_content_width":"","footnotes":""},"categories":[114],"tags":[],"dipi_cpt_category":[],"class_list":["post-24853169","post","type-post","status-publish","format-standard","has-post-thumbnail","hentry","category-valenca"],"_links":{"self":[{"href":"https:\/\/mikebastin.com\/fr\/wp-json\/wp\/v2\/posts\/24853169","targetHints":{"allow":["GET"]}}],"collection":[{"href":"https:\/\/mikebastin.com\/fr\/wp-json\/wp\/v2\/posts"}],"about":[{"href":"https:\/\/mikebastin.com\/fr\/wp-json\/wp\/v2\/types\/post"}],"author":[{"embeddable":true,"href":"https:\/\/mikebastin.com\/fr\/wp-json\/wp\/v2\/users\/3"}],"replies":[{"embeddable":true,"href":"https:\/\/mikebastin.com\/fr\/wp-json\/wp\/v2\/comments?post=24853169"}],"version-history":[{"count":8,"href":"https:\/\/mikebastin.com\/fr\/wp-json\/wp\/v2\/posts\/24853169\/revisions"}],"predecessor-version":[{"id":24856638,"href":"https:\/\/mikebastin.com\/fr\/wp-json\/wp\/v2\/posts\/24853169\/revisions\/24856638"}],"wp:featuredmedia":[{"embeddable":true,"href":"https:\/\/mikebastin.com\/fr\/wp-json\/wp\/v2\/media\/24854068"}],"wp:attachment":[{"href":"https:\/\/mikebastin.com\/fr\/wp-json\/wp\/v2\/media?parent=24853169"}],"wp:term":[{"taxonomy":"category","embeddable":true,"href":"https:\/\/mikebastin.com\/fr\/wp-json\/wp\/v2\/categories?post=24853169"},{"taxonomy":"post_tag","embeddable":true,"href":"https:\/\/mikebastin.com\/fr\/wp-json\/wp\/v2\/tags?post=24853169"},{"taxonomy":"dipi_cpt_category","embeddable":true,"href":"https:\/\/mikebastin.com\/fr\/wp-json\/wp\/v2\/dipi_cpt_category?post=24853169"}],"curies":[{"name":"wp","href":"https:\/\/api.w.org\/{rel}","templated":true}]}}